{"id":853,"date":"2021-12-27T11:20:15","date_gmt":"2021-12-27T11:20:15","guid":{"rendered":"https:\/\/www.prod-web.com\/?p=853"},"modified":"2022-01-30T16:00:10","modified_gmt":"2022-01-30T16:00:10","slug":"energy-efficiency-first-the-spine-of-eu-energy-policies","status":"publish","type":"post","link":"https:\/\/energyefficiencymagazine.com\/index.php\/2021\/12\/27\/energy-efficiency-first-the-spine-of-eu-energy-policies\/","title":{"rendered":"Energy efficiency first: the spine of EU energy policies"},"content":{"rendered":"[vc_row type=&#8221;in_container&#8221; full_screen_row_position=&#8221;middle&#8221; column_margin=&#8221;20px&#8221; equal_height=&#8221;yes&#8221; content_placement=&#8221;middle&#8221; column_direction=&#8221;default&#8221; column_direction_tablet=&#8221;default&#8221; column_direction_phone=&#8221;default&#8221; scene_position=&#8221;center&#8221; text_color=&#8221;dark&#8221; text_align=&#8221;left&#8221; row_border_radius=&#8221;none&#8221; row_border_radius_applies=&#8221;bg&#8221; overflow=&#8221;visible&#8221; advanced_gradient_angle=&#8221;0&#8243; overlay_strength=&#8221;0.3&#8243; gradient_direction=&#8221;left_to_right&#8221; shape_divider_position=&#8221;bottom&#8221; bg_image_animation=&#8221;none&#8221; gradient_type=&#8221;default&#8221; shape_type=&#8221;&#8221;][vc_column column_padding=&#8221;no-extra-padding&#8221; column_padding_tablet=&#8221;inherit&#8221; column_padding_phone=&#8221;inherit&#8221; column_padding_position=&#8221;all&#8221; column_element_spacing=&#8221;default&#8221; background_color_opacity=&#8221;1&#8243; background_hover_color_opacity=&#8221;1&#8243; column_shadow=&#8221;none&#8221; column_border_radius=&#8221;none&#8221; column_link_target=&#8221;_self&#8221; column_position=&#8221;default&#8221; gradient_direction=&#8221;left_to_right&#8221; overlay_strength=&#8221;0.3&#8243; width=&#8221;1\/4&#8243; tablet_width_inherit=&#8221;default&#8221; tablet_text_alignment=&#8221;default&#8221; phone_text_alignment=&#8221;default&#8221; animation_type=&#8221;default&#8221; bg_image_animation=&#8221;none&#8221; border_type=&#8221;simple&#8221; column_border_width=&#8221;none&#8221; column_border_style=&#8221;solid&#8221;][image_with_animation image_url=&#8221;1323&#8243; image_size=&#8221;full&#8221; animation_type=&#8221;entrance&#8221; animation=&#8221;Fade In&#8221; hover_animation=&#8221;none&#8221; alignment=&#8221;center&#8221; border_radius=&#8221;none&#8221; box_shadow=&#8221;none&#8221; image_loading=&#8221;default&#8221; max_width=&#8221;75%&#8221; max_width_mobile=&#8221;default&#8221;][\/vc_column][vc_column column_padding=&#8221;no-extra-padding&#8221; column_padding_tablet=&#8221;inherit&#8221; column_padding_phone=&#8221;inherit&#8221; column_padding_position=&#8221;all&#8221; column_element_spacing=&#8221;default&#8221; background_color_opacity=&#8221;1&#8243; background_hover_color_opacity=&#8221;1&#8243; column_shadow=&#8221;none&#8221; column_border_radius=&#8221;none&#8221; column_link_target=&#8221;_self&#8221; column_position=&#8221;default&#8221; gradient_direction=&#8221;left_to_right&#8221; overlay_strength=&#8221;0.3&#8243; width=&#8221;3\/4&#8243; tablet_width_inherit=&#8221;default&#8221; tablet_text_alignment=&#8221;default&#8221; phone_text_alignment=&#8221;default&#8221; animation_type=&#8221;default&#8221; bg_image_animation=&#8221;none&#8221; border_type=&#8221;simple&#8221; column_border_width=&#8221;none&#8221; column_border_style=&#8221;solid&#8221;][vc_column_text]\n<div class=\"page\" title=\"Page 5\">\n<div class=\"section\">\n<div class=\"layoutArea\">\n<div class=\"column\">\n<p><strong><span class=\"fontstyle0\">Maro\u0161 \u0160ef\u010dovi\u010d<br \/>\n<\/span><\/strong><span class=\"fontstyle2\">Vice-President of the European Commission, in charge of Energy Union.<\/span><\/p>\n<\/div>\n<\/div>\n<\/div>\n<\/div>\n[\/vc_column_text][\/vc_column][\/vc_row][vc_row type=&#8221;in_container&#8221; full_screen_row_position=&#8221;middle&#8221; column_margin=&#8221;default&#8221; column_direction=&#8221;default&#8221; column_direction_tablet=&#8221;default&#8221; column_direction_phone=&#8221;default&#8221; scene_position=&#8221;center&#8221; text_color=&#8221;dark&#8221; text_align=&#8221;left&#8221; row_border_radius=&#8221;none&#8221; row_border_radius_applies=&#8221;bg&#8221; overflow=&#8221;visible&#8221; overlay_strength=&#8221;0.3&#8243; gradient_direction=&#8221;left_to_right&#8221; shape_divider_position=&#8221;bottom&#8221; bg_image_animation=&#8221;none&#8221;][vc_column column_padding=&#8221;no-extra-padding&#8221; column_padding_tablet=&#8221;inherit&#8221; column_padding_phone=&#8221;inherit&#8221; column_padding_position=&#8221;all&#8221; column_element_spacing=&#8221;default&#8221; background_color_opacity=&#8221;1&#8243; background_hover_color_opacity=&#8221;1&#8243; column_shadow=&#8221;none&#8221; column_border_radius=&#8221;none&#8221; column_link_target=&#8221;_self&#8221; column_position=&#8221;default&#8221; gradient_direction=&#8221;left_to_right&#8221; overlay_strength=&#8221;0.3&#8243; width=&#8221;1\/1&#8243; tablet_width_inherit=&#8221;default&#8221; tablet_text_alignment=&#8221;default&#8221; phone_text_alignment=&#8221;default&#8221; animation_type=&#8221;default&#8221; bg_image_animation=&#8221;none&#8221; border_type=&#8221;simple&#8221; column_border_width=&#8221;none&#8221; column_border_style=&#8221;solid&#8221;][vc_column_text]\n<p style=\"text-align: left;\"><span class=\"fontstyle0\">The European Union adopted, in 2015, the framework strategy for the Energy Union. The aim of this strategy is to ensure that Europe has secure, affordable and climate-friendly energy. Achieving these objectives required introducing the so-called \u201cEfficiency First Principle\u201d in the design of our energy policies. The \u201cEfficiency First Principle\u201d is a paradigm shift in the design of any energy system. It requires assessing the potential value of investing in energy savings (those resulting from energy efficiency as well as those resulting from demand response) in all decisions related to developing our energy system. <\/span><\/p>\n<p style=\"text-align: left;\"><span class=\"fontstyle0\">In practice this means investments in energy savings are prioritised whenever they cost less or deliver more than building new supply and networks. In other words, energy savings, which were considered for decades as a hidden fuel, will be given a fair chance to compete on an equal basis with supply side solutions. The aim is to make energy savings the \u201cFirst Fuel\u201d of Europe starting from 2030. The energy transition from a fossil fuels-based energy system to a clean and secure energy system is one of the biggest challenges we face globally. It is clear that the energy system for the 21st century has to be citizen-oriented, and clean energy has to be affordable for each EU citizen and business. <\/span><\/p>\n<p style=\"text-align: left;\"><span class=\"fontstyle0\">The <\/span><span class=\"fontstyle2\"><span style=\"color: #008000;\">\u201cEfficiency First Principle\u201d will help achieve all of these outcomes. It can bring down the <span class=\"fontstyle0\">costs of the energy transition while driving green growth, creating new jobs, reducing imports and improving air quality. <\/span><\/span>It will also boost innovation in technologies, policy design, business models and governance. <\/span><\/p>\n<p style=\"text-align: left;\"><span class=\"fontstyle2\">The Paris Climate Agreement is a historic milestone for the transformation of the global energy system, including the European one. Adopting the \u201cEfficiency First Principle\u201d when designing our energy policies will allow Europe to speed-up this transformation to clean and low-carbon energy future. The \u201cEfficiency First Principle\u201d is key for both the implementation of the Paris Climate Agreement and the energy transition of the EU energy system.\u00a0 <span class=\"fontstyle0\">Making the \u201cEfficiency First Principle\u201d a reality requires policy-makers to embed the principle in each policy instrument. <\/span><\/span><\/p>\n<p style=\"text-align: left;\"><span class=\"fontstyle2\"><span class=\"fontstyle0\">Fortuitously, Europe has to revise most of its energy instruments in 2016; there is no better time to start introducing the concept of the \u201cEficiency First Principle\u201d in our funding decisions and infrastructure planning. The aim is to make the energy transition fair, competitive and sustainable.<br \/>\nThe \u201cEfficiency First Principle\u201d and its role in bringing about a forward-looking energy system for the 21st century is not a European luxury. It is a necessity, one we owe globally to Millennials and future generations.<\/span>\u00a0<\/span><\/p>\n<p style=\"text-align: right;\"><span class=\"fontstyle0\">Maro\u0161 \u0160ef\u010dovi\u010d &#8211; <\/span><span class=\"fontstyle2\">Vice-President of the European Commission, in charge of Energy Union.<\/span><\/p>\n[\/vc_column_text][\/vc_column][\/vc_row]\n","protected":false},"excerpt":{"rendered":"<p>[vc_row type=&#8221;in_container&#8221; full_screen_row_position=&#8221;middle&#8221; column_margin=&#8221;20px&#8221; equal_height=&#8221;yes&#8221; content_placement=&#8221;middle&#8221; column_direction=&#8221;default&#8221; column_direction_tablet=&#8221;default&#8221; column_direction_phone=&#8221;default&#8221; scene_position=&#8221;center&#8221; text_color=&#8221;dark&#8221; text_align=&#8221;left&#8221; row_border_radius=&#8221;none&#8221; row_border_radius_applies=&#8221;bg&#8221; overflow=&#8221;visible&#8221; advanced_gradient_angle=&#8221;0&#8243; overlay_strength=&#8221;0.3&#8243; gradient_direction=&#8221;left_to_right&#8221;&#8230;<\/p>\n","protected":false},"author":28,"featured_media":0,"comment_status":"closed","ping_status":"closed","sticky":false,"template":"","format":"standard","meta":{"footnotes":""},"categories":[7,25,38,39],"tags":[],"class_list":{"0":"post-853","1":"post","2":"type-post","3":"status-publish","4":"format-standard","6":"category-cop22","7":"category-europe","8":"category-ngo-igo","9":"category-policy"},"_links":{"self":[{"href":"https:\/\/energyefficiencymagazine.com\/index.php\/wp-json\/wp\/v2\/posts\/853","targetHints":{"allow":["GET"]}}],"collection":[{"href":"https:\/\/energyefficiencymagazine.com\/index.php\/wp-json\/wp\/v2\/posts"}],"about":[{"href":"https:\/\/energyefficiencymagazine.com\/index.php\/wp-json\/wp\/v2\/types\/post"}],"author":[{"embeddable":true,"href":"https:\/\/energyefficiencymagazine.com\/index.php\/wp-json\/wp\/v2\/users\/28"}],"replies":[{"embeddable":true,"href":"https:\/\/energyefficiencymagazine.com\/index.php\/wp-json\/wp\/v2\/comments?post=853"}],"version-history":[{"count":2,"href":"https:\/\/energyefficiencymagazine.com\/index.php\/wp-json\/wp\/v2\/posts\/853\/revisions"}],"predecessor-version":[{"id":1650,"href":"https:\/\/energyefficiencymagazine.com\/index.php\/wp-json\/wp\/v2\/posts\/853\/revisions\/1650"}],"wp:attachment":[{"href":"https:\/\/energyefficiencymagazine.com\/index.php\/wp-json\/wp\/v2\/media?parent=853"}],"wp:term":[{"taxonomy":"category","embeddable":true,"href":"https:\/\/energyefficiencymagazine.com\/index.php\/wp-json\/wp\/v2\/categories?post=853"},{"taxonomy":"post_tag","embeddable":true,"href":"https:\/\/energyefficiencymagazine.com\/index.php\/wp-json\/wp\/v2\/tags?post=853"}],"curies":[{"name":"wp","href":"https:\/\/api.w.org\/{rel}","templated":true}]}}